{"id":3586,"date":"2026-04-27T14:58:53","date_gmt":"2026-04-27T14:58:53","guid":{"rendered":"https:\/\/aesbvizela.edu.gov.pt\/?p=3586"},"modified":"2026-04-27T14:58:53","modified_gmt":"2026-04-27T14:58:53","slug":"dia-mundial-do-tenis-de-mesa-23-abril26","status":"publish","type":"post","link":"https:\/\/aesbvizela.edu.gov.pt\/?p=3586","title":{"rendered":"Dia Mundial do T\u00e9nis de Mesa > 23.abril&#8217;26"},"content":{"rendered":"\n<p>No dia 23 de Abril assinalou-se o Dia Mundial do T\u00e9nis de Mesa.<br>Uma atividade onde os alunos da nossa de escola, assim como os alunos que se encontram em Erasmus no aeSB, puderam treinar e jogar com treinador e atletas Federados da FJA.<br>Esta atividade esteve articulada com um a sec\u00e7\u00e3o de T\u00e9nis de Mesa do Clube Funda\u00e7\u00e3o Jorge Antunes e a Federa\u00e7\u00e3o Portuguesa de Tenis de Mesa.<br>Parab\u00e9ns a todos os participantes e um agradecimento especial ao treinador da FJA, Sr. Batista, que continua a ser um parceiro estrutural no desenvolvimento desta modalidade na escola.<\/p>\n\n\n\n<figure class=\"wp-block-gallery has-nested-images columns-default is-cropped wp-block-gallery-1 is-layout-flex wp-block-gallery-is-layout-flex\">\n<figure class=\"wp-block-image size-large\"><img loading=\"lazy\" decoding=\"async\" width=\"768\" height=\"1024\" data-id=\"3591\" src=\"https:\/\/aesbvizela.edu.gov.pt\/wp-content\/uploads\/2026\/04\/WhatsApp-Image-2026-04-27-at-11.51.26-2-768x1024.jpeg\" alt=\"\" class=\"wp-image-3591\" srcset=\"https:\/\/aesbvizela.edu.gov.pt\/wp-content\/uploads\/2026\/04\/WhatsApp-Image-2026-04-27-at-11.51.26-2-768x1024.jpeg 768w, https:\/\/aesbvizela.edu.gov.pt\/wp-content\/uploads\/2026\/04\/WhatsApp-Image-2026-04-27-at-11.51.26-2-225x300.jpeg 225w, https:\/\/aesbvizela.edu.gov.pt\/wp-content\/uploads\/2026\/04\/WhatsApp-Image-2026-04-27-at-11.51.26-2-1152x1536.jpeg 1152w, https:\/\/aesbvizela.edu.gov.pt\/wp-content\/uploads\/2026\/04\/WhatsApp-Image-2026-04-27-at-11.51.26-2.jpeg 1200w\" sizes=\"auto, (max-width: 768px) 100vw, 768px\" \/><\/figure>\n\n\n\n<figure class=\"wp-block-image size-large\"><img loading=\"lazy\" decoding=\"async\" width=\"768\" height=\"1024\" data-id=\"3592\" src=\"https:\/\/aesbvizela.edu.gov.pt\/wp-content\/uploads\/2026\/04\/WhatsApp-Image-2026-04-27-at-11.51.26-3-768x1024.jpeg\" alt=\"\" class=\"wp-image-3592\" srcset=\"https:\/\/aesbvizela.edu.gov.pt\/wp-content\/uploads\/2026\/04\/WhatsApp-Image-2026-04-27-at-11.51.26-3-768x1024.jpeg 768w, https:\/\/aesbvizela.edu.gov.pt\/wp-content\/uploads\/2026\/04\/WhatsApp-Image-2026-04-27-at-11.51.26-3-225x300.jpeg 225w, https:\/\/aesbvizela.edu.gov.pt\/wp-content\/uploads\/2026\/04\/WhatsApp-Image-2026-04-27-at-11.51.26-3-1152x1536.jpeg 1152w, https:\/\/aesbvizela.edu.gov.pt\/wp-content\/uploads\/2026\/04\/WhatsApp-Image-2026-04-27-at-11.51.26-3.jpeg 1200w\" sizes=\"auto, (max-width: 768px) 100vw, 768px\" \/><\/figure>\n\n\n\n<figure class=\"wp-block-image size-large\"><img loading=\"lazy\" decoding=\"async\" width=\"1024\" height=\"768\" data-id=\"3593\" src=\"https:\/\/aesbvizela.edu.gov.pt\/wp-content\/uploads\/2026\/04\/WhatsApp-Image-2026-04-27-at-11.51.26-1024x768.jpeg\" alt=\"\" class=\"wp-image-3593\" srcset=\"https:\/\/aesbvizela.edu.gov.pt\/wp-content\/uploads\/2026\/04\/WhatsApp-Image-2026-04-27-at-11.51.26-1024x768.jpeg 1024w, https:\/\/aesbvizela.edu.gov.pt\/wp-content\/uploads\/2026\/04\/WhatsApp-Image-2026-04-27-at-11.51.26-300x225.jpeg 300w, https:\/\/aesbvizela.edu.gov.pt\/wp-content\/uploads\/2026\/04\/WhatsApp-Image-2026-04-27-at-11.51.26-768x576.jpeg 768w, https:\/\/aesbvizela.edu.gov.pt\/wp-content\/uploads\/2026\/04\/WhatsApp-Image-2026-04-27-at-11.51.26-1536x1152.jpeg 1536w, https:\/\/aesbvizela.edu.gov.pt\/wp-content\/uploads\/2026\/04\/WhatsApp-Image-2026-04-27-at-11.51.26.jpeg 1600w\" sizes=\"auto, (max-width: 1024px) 100vw, 1024px\" \/><\/figure>\n<\/figure>\n","protected":false},"excerpt":{"rendered":"<p>No dia 23 de Abril assinalou-se o Dia Mundial do T\u00e9nis de Mesa.Uma atividade onde os alunos da nossa de escola, assim como os alunos que se encontram em Erasmus no aeSB, puderam treinar e jogar com treinador e atletas Federados da FJA.Esta atividade esteve articulada com um a sec\u00e7\u00e3o de T\u00e9nis de Mesa do&#8230;<\/p>\n","protected":false},"author":1,"featured_media":3590,"comment_status":"closed","ping_status":"open","sticky":false,"template":"","format":"standard","meta":{"footnotes":""},"categories":[12,13,63,20],"tags":[639,637,638,353],"class_list":["post-3586","post","type-post","status-publish","format-standard","has-post-thumbnail","hentry","category-2-o-ciclo","category-3-o-ciclo","category-erasmus","category-noticia-evento","tag-dia-mundia-do-tenis-de-mesa","tag-efemeride","tag-fundacao-jorge-antunes","tag-tenis-de-mesa"],"_links":{"self":[{"href":"https:\/\/aesbvizela.edu.gov.pt\/index.php?rest_route=\/wp\/v2\/posts\/3586","targetHints":{"allow":["GET"]}}],"collection":[{"href":"https:\/\/aesbvizela.edu.gov.pt\/index.php?rest_route=\/wp\/v2\/posts"}],"about":[{"href":"https:\/\/aesbvizela.edu.gov.pt\/index.php?rest_route=\/wp\/v2\/types\/post"}],"author":[{"embeddable":true,"href":"https:\/\/aesbvizela.edu.gov.pt\/index.php?rest_route=\/wp\/v2\/users\/1"}],"replies":[{"embeddable":true,"href":"https:\/\/aesbvizela.edu.gov.pt\/index.php?rest_route=%2Fwp%2Fv2%2Fcomments&post=3586"}],"version-history":[{"count":1,"href":"https:\/\/aesbvizela.edu.gov.pt\/index.php?rest_route=\/wp\/v2\/posts\/3586\/revisions"}],"predecessor-version":[{"id":3594,"href":"https:\/\/aesbvizela.edu.gov.pt\/index.php?rest_route=\/wp\/v2\/posts\/3586\/revisions\/3594"}],"wp:featuredmedia":[{"embeddable":true,"href":"https:\/\/aesbvizela.edu.gov.pt\/index.php?rest_route=\/wp\/v2\/media\/3590"}],"wp:attachment":[{"href":"https:\/\/aesbvizela.edu.gov.pt\/index.php?rest_route=%2Fwp%2Fv2%2Fmedia&parent=3586"}],"wp:term":[{"taxonomy":"category","embeddable":true,"href":"https:\/\/aesbvizela.edu.gov.pt\/index.php?rest_route=%2Fwp%2Fv2%2Fcategories&post=3586"},{"taxonomy":"post_tag","embeddable":true,"href":"https:\/\/aesbvizela.edu.gov.pt\/index.php?rest_route=%2Fwp%2Fv2%2Ftags&post=3586"}],"curies":[{"name":"wp","href":"https:\/\/api.w.org\/{rel}","templated":true}]}}