{"id":3595,"date":"2026-04-27T15:23:48","date_gmt":"2026-04-27T15:23:48","guid":{"rendered":"https:\/\/aesbvizela.edu.gov.pt\/?p=3595"},"modified":"2026-04-28T09:27:31","modified_gmt":"2026-04-28T09:27:31","slug":"habemus-campeao-o-nosso-campeao-nacional-de-jiu-jitsu","status":"publish","type":"post","link":"https:\/\/aesbvizela.edu.gov.pt\/?p=3595","title":{"rendered":"Habemus campe\u00e3o! O nosso campe\u00e3o nacional de Alex Jiu Jitsu!"},"content":{"rendered":"\n<p>Na\u00a0nossa escola existem hist\u00f3rias que ecoam para al\u00e9m da sala de aula e dos corredores. No passado s\u00e1bado, dia 25 de abril, Dia da Liberdade, o Rodrigo Fernandes, do 7.\u00ba C, sagrou-se campe\u00e3o nacional de Alex Jiu Jitsu, conquistando\u00a0n\u00e3o s\u00f3 uma medalha, mas o resultado de uma jornada profundamente inspiradora, Uma hist\u00f3ria de supera\u00e7\u00e3o, dedica\u00e7\u00e3o e luz pr\u00f3pria, na qual a verdadeira grandeza n\u00e3o se mede pelos obst\u00e1culos no caminho, mas pela forma como se luta com eles. H\u00e1 quem ven\u00e7a advers\u00e1rios e h\u00e1 quem v\u00e1 mais longe e supere a si pr\u00f3prio.\u00a0<\/p>\n\n\n\n<p>Esta n\u00e3o constitui apenas uma vit\u00f3ria individual, mas um orgulho para toda a comunidade&nbsp;educativa. O nosso Rodrigo \u00e9&nbsp; prova de que quando a determina\u00e7\u00e3o fala mais alto, as limita\u00e7\u00f5es passam apenas a pontos de partida para a vit\u00f3ria.&nbsp;<\/p>\n\n\n\n<figure class=\"wp-block-gallery has-nested-images columns-default is-cropped wp-block-gallery-1 is-layout-flex wp-block-gallery-is-layout-flex\">\n<figure class=\"wp-block-image size-large\"><img loading=\"lazy\" decoding=\"async\" width=\"771\" height=\"1024\" data-id=\"3598\" src=\"https:\/\/aesbvizela.edu.gov.pt\/wp-content\/uploads\/2026\/04\/Messenger_creation_6F7E40D0-A418-4813-BA37-A2C2C7BB8FBA-771x1024.jpeg\" alt=\"\" class=\"wp-image-3598\" srcset=\"https:\/\/aesbvizela.edu.gov.pt\/wp-content\/uploads\/2026\/04\/Messenger_creation_6F7E40D0-A418-4813-BA37-A2C2C7BB8FBA-771x1024.jpeg 771w, https:\/\/aesbvizela.edu.gov.pt\/wp-content\/uploads\/2026\/04\/Messenger_creation_6F7E40D0-A418-4813-BA37-A2C2C7BB8FBA-226x300.jpeg 226w, https:\/\/aesbvizela.edu.gov.pt\/wp-content\/uploads\/2026\/04\/Messenger_creation_6F7E40D0-A418-4813-BA37-A2C2C7BB8FBA-768x1020.jpeg 768w, https:\/\/aesbvizela.edu.gov.pt\/wp-content\/uploads\/2026\/04\/Messenger_creation_6F7E40D0-A418-4813-BA37-A2C2C7BB8FBA-1157x1536.jpeg 1157w, https:\/\/aesbvizela.edu.gov.pt\/wp-content\/uploads\/2026\/04\/Messenger_creation_6F7E40D0-A418-4813-BA37-A2C2C7BB8FBA.jpeg 1542w\" sizes=\"auto, (max-width: 771px) 100vw, 771px\" \/><\/figure>\n\n\n\n<figure class=\"wp-block-image size-large\"><img loading=\"lazy\" decoding=\"async\" width=\"768\" height=\"1024\" data-id=\"3597\" src=\"https:\/\/aesbvizela.edu.gov.pt\/wp-content\/uploads\/2026\/04\/Messenger_creation_137580C2-FBFD-4880-BA69-1988811E2052-1-768x1024.jpeg\" alt=\"\" class=\"wp-image-3597\" srcset=\"https:\/\/aesbvizela.edu.gov.pt\/wp-content\/uploads\/2026\/04\/Messenger_creation_137580C2-FBFD-4880-BA69-1988811E2052-1-768x1024.jpeg 768w, https:\/\/aesbvizela.edu.gov.pt\/wp-content\/uploads\/2026\/04\/Messenger_creation_137580C2-FBFD-4880-BA69-1988811E2052-1-225x300.jpeg 225w, https:\/\/aesbvizela.edu.gov.pt\/wp-content\/uploads\/2026\/04\/Messenger_creation_137580C2-FBFD-4880-BA69-1988811E2052-1-1152x1536.jpeg 1152w, https:\/\/aesbvizela.edu.gov.pt\/wp-content\/uploads\/2026\/04\/Messenger_creation_137580C2-FBFD-4880-BA69-1988811E2052-1.jpeg 1200w\" sizes=\"auto, (max-width: 768px) 100vw, 768px\" \/><\/figure>\n<\/figure>\n","protected":false},"excerpt":{"rendered":"<p>Na\u00a0nossa escola existem hist\u00f3rias que ecoam para al\u00e9m da sala de aula e dos corredores. No passado s\u00e1bado, dia 25 de abril, Dia da Liberdade, o Rodrigo Fernandes, do 7.\u00ba C, sagrou-se campe\u00e3o nacional de Alex Jiu Jitsu, conquistando\u00a0n\u00e3o s\u00f3 uma medalha, mas o resultado de uma jornada profundamente inspiradora, Uma hist\u00f3ria de supera\u00e7\u00e3o, dedica\u00e7\u00e3o&#8230;<\/p>\n","protected":false},"author":1,"featured_media":3596,"comment_status":"closed","ping_status":"open","sticky":false,"template":"","format":"standard","meta":{"footnotes":""},"categories":[13,9,20],"tags":[319,640,641],"class_list":["post-3595","post","type-post","status-publish","format-standard","has-post-thumbnail","hentry","category-3-o-ciclo","category-alunos","category-noticia-evento","tag-7-o-ano","tag-campeao-nacional","tag-jiu-jitsu"],"_links":{"self":[{"href":"https:\/\/aesbvizela.edu.gov.pt\/index.php?rest_route=\/wp\/v2\/posts\/3595","targetHints":{"allow":["GET"]}}],"collection":[{"href":"https:\/\/aesbvizela.edu.gov.pt\/index.php?rest_route=\/wp\/v2\/posts"}],"about":[{"href":"https:\/\/aesbvizela.edu.gov.pt\/index.php?rest_route=\/wp\/v2\/types\/post"}],"author":[{"embeddable":true,"href":"https:\/\/aesbvizela.edu.gov.pt\/index.php?rest_route=\/wp\/v2\/users\/1"}],"replies":[{"embeddable":true,"href":"https:\/\/aesbvizela.edu.gov.pt\/index.php?rest_route=%2Fwp%2Fv2%2Fcomments&post=3595"}],"version-history":[{"count":4,"href":"https:\/\/aesbvizela.edu.gov.pt\/index.php?rest_route=\/wp\/v2\/posts\/3595\/revisions"}],"predecessor-version":[{"id":3610,"href":"https:\/\/aesbvizela.edu.gov.pt\/index.php?rest_route=\/wp\/v2\/posts\/3595\/revisions\/3610"}],"wp:featuredmedia":[{"embeddable":true,"href":"https:\/\/aesbvizela.edu.gov.pt\/index.php?rest_route=\/wp\/v2\/media\/3596"}],"wp:attachment":[{"href":"https:\/\/aesbvizela.edu.gov.pt\/index.php?rest_route=%2Fwp%2Fv2%2Fmedia&parent=3595"}],"wp:term":[{"taxonomy":"category","embeddable":true,"href":"https:\/\/aesbvizela.edu.gov.pt\/index.php?rest_route=%2Fwp%2Fv2%2Fcategories&post=3595"},{"taxonomy":"post_tag","embeddable":true,"href":"https:\/\/aesbvizela.edu.gov.pt\/index.php?rest_route=%2Fwp%2Fv2%2Ftags&post=3595"}],"curies":[{"name":"wp","href":"https:\/\/api.w.org\/{rel}","templated":true}]}}