{"id":3603,"date":"2026-04-27T12:10:00","date_gmt":"2026-04-27T12:10:00","guid":{"rendered":"https:\/\/aesbvizela.edu.gov.pt\/?p=3603"},"modified":"2026-04-28T05:14:36","modified_gmt":"2026-04-28T05:14:36","slug":"alunos-de-mobilidade-erasmus-partilham-experiencias-nas-turmas","status":"publish","type":"post","link":"https:\/\/aesbvizela.edu.gov.pt\/?p=3603","title":{"rendered":"Alunos de mobilidade Erasmus+ partilham experi\u00eancias nas turmas"},"content":{"rendered":"\n<p>Um grupo de alunos que participou nas mobilidades internacionais no \u00e2mbito do programa Erasmus+&nbsp; realizaram sess\u00f5es de dissemina\u00e7\u00e3o junto das v\u00e1rias turmas da escola.<\/p>\n\n\n\n<p>Na \u00faltima semana, 20 a 24.abril\u201926, os alunos que viajaram para Trnava (Eslov\u00e1quia) e G\u00fcm\u00fcld\u00fcr (prov\u00edncia de Izmir na Turquia) visitaram v\u00e1rias salas de aula, do 5.\u00ba ao 9.\u00ba ano, para partilhar as viv\u00eancias, aprendizagens e desafios da experi\u00eancia Erasmus.<\/p>\n\n\n\n<p>Nas apresenta\u00e7\u00f5es, os jovens mostraram fotografias\/v\u00eddeos, destacando atividades como workshops culturais, visitas a patrim\u00f3nio hist\u00f3rico, aulas conjuntas com alunos estrangeiros e projetos colaborativos. Todos eles enfatizaram o crescimento pessoal, a melhoria do n\u00edvel de ingl\u00eas, a capacidade de adapta\u00e7\u00e3o a novos contextos e a oportunidade de fazer amigos de diferentes nacionalidades.<\/p>\n\n\n\n<p>A iniciativa enquadra-se no plano de dissemina\u00e7\u00e3o obrigat\u00f3rio dos projetos Erasmus+, contribuindo para multiplicar o impacto da mobilidade dentro da escola. V\u00e1rios alunos das turmas que assistiram \u00e0s apresenta\u00e7\u00f5es manifestaram j\u00e1 interesse em participar em futuras edi\u00e7\u00f5es do programa.<\/p>\n\n\n\n<figure class=\"wp-block-gallery has-nested-images columns-default is-cropped wp-block-gallery-1 is-layout-flex wp-block-gallery-is-layout-flex\">\n<figure class=\"wp-block-image size-large\"><img loading=\"lazy\" decoding=\"async\" width=\"768\" height=\"1024\" data-id=\"3606\" src=\"https:\/\/aesbvizela.edu.gov.pt\/wp-content\/uploads\/2026\/04\/WhatsApp-Image-2026-04-27-at-09.23.52-768x1024.jpeg\" alt=\"\" class=\"wp-image-3606\" srcset=\"https:\/\/aesbvizela.edu.gov.pt\/wp-content\/uploads\/2026\/04\/WhatsApp-Image-2026-04-27-at-09.23.52-768x1024.jpeg 768w, https:\/\/aesbvizela.edu.gov.pt\/wp-content\/uploads\/2026\/04\/WhatsApp-Image-2026-04-27-at-09.23.52-225x300.jpeg 225w, https:\/\/aesbvizela.edu.gov.pt\/wp-content\/uploads\/2026\/04\/WhatsApp-Image-2026-04-27-at-09.23.52-1152x1536.jpeg 1152w, https:\/\/aesbvizela.edu.gov.pt\/wp-content\/uploads\/2026\/04\/WhatsApp-Image-2026-04-27-at-09.23.52.jpeg 1200w\" sizes=\"auto, (max-width: 768px) 100vw, 768px\" \/><\/figure>\n\n\n\n<figure class=\"wp-block-image size-large\"><img loading=\"lazy\" decoding=\"async\" width=\"1024\" height=\"768\" data-id=\"3605\" src=\"https:\/\/aesbvizela.edu.gov.pt\/wp-content\/uploads\/2026\/04\/WhatsApp-Image-2026-04-27-at-09.38.59-1024x768.jpeg\" alt=\"\" class=\"wp-image-3605\" srcset=\"https:\/\/aesbvizela.edu.gov.pt\/wp-content\/uploads\/2026\/04\/WhatsApp-Image-2026-04-27-at-09.38.59-1024x768.jpeg 1024w, https:\/\/aesbvizela.edu.gov.pt\/wp-content\/uploads\/2026\/04\/WhatsApp-Image-2026-04-27-at-09.38.59-300x225.jpeg 300w, https:\/\/aesbvizela.edu.gov.pt\/wp-content\/uploads\/2026\/04\/WhatsApp-Image-2026-04-27-at-09.38.59-768x576.jpeg 768w, https:\/\/aesbvizela.edu.gov.pt\/wp-content\/uploads\/2026\/04\/WhatsApp-Image-2026-04-27-at-09.38.59-1536x1152.jpeg 1536w, https:\/\/aesbvizela.edu.gov.pt\/wp-content\/uploads\/2026\/04\/WhatsApp-Image-2026-04-27-at-09.38.59.jpeg 1600w\" sizes=\"auto, (max-width: 1024px) 100vw, 1024px\" \/><\/figure>\n<\/figure>\n","protected":false},"excerpt":{"rendered":"<p>Um grupo de alunos que participou nas mobilidades internacionais no \u00e2mbito do programa Erasmus+&nbsp; realizaram sess\u00f5es de dissemina\u00e7\u00e3o junto das v\u00e1rias turmas da escola. Na \u00faltima semana, 20 a 24.abril\u201926, os alunos que viajaram para Trnava (Eslov\u00e1quia) e G\u00fcm\u00fcld\u00fcr (prov\u00edncia de Izmir na Turquia) visitaram v\u00e1rias salas de aula, do 5.\u00ba ao 9.\u00ba ano, para&#8230;<\/p>\n","protected":false},"author":1,"featured_media":3604,"comment_status":"closed","ping_status":"open","sticky":false,"template":"","format":"standard","meta":{"footnotes":""},"categories":[12,13,9,63,20],"tags":[359,360,90,643,64,57],"class_list":["post-3603","post","type-post","status-publish","format-standard","has-post-thumbnail","hentry","category-2-o-ciclo","category-3-o-ciclo","category-alunos","category-erasmus","category-noticia-evento","tag-2-o-ciclo","tag-3-o-ciclo","tag-cidadania","tag-disseminacao","tag-erasmus","tag-projetos"],"_links":{"self":[{"href":"https:\/\/aesbvizela.edu.gov.pt\/index.php?rest_route=\/wp\/v2\/posts\/3603","targetHints":{"allow":["GET"]}}],"collection":[{"href":"https:\/\/aesbvizela.edu.gov.pt\/index.php?rest_route=\/wp\/v2\/posts"}],"about":[{"href":"https:\/\/aesbvizela.edu.gov.pt\/index.php?rest_route=\/wp\/v2\/types\/post"}],"author":[{"embeddable":true,"href":"https:\/\/aesbvizela.edu.gov.pt\/index.php?rest_route=\/wp\/v2\/users\/1"}],"replies":[{"embeddable":true,"href":"https:\/\/aesbvizela.edu.gov.pt\/index.php?rest_route=%2Fwp%2Fv2%2Fcomments&post=3603"}],"version-history":[{"count":1,"href":"https:\/\/aesbvizela.edu.gov.pt\/index.php?rest_route=\/wp\/v2\/posts\/3603\/revisions"}],"predecessor-version":[{"id":3607,"href":"https:\/\/aesbvizela.edu.gov.pt\/index.php?rest_route=\/wp\/v2\/posts\/3603\/revisions\/3607"}],"wp:featuredmedia":[{"embeddable":true,"href":"https:\/\/aesbvizela.edu.gov.pt\/index.php?rest_route=\/wp\/v2\/media\/3604"}],"wp:attachment":[{"href":"https:\/\/aesbvizela.edu.gov.pt\/index.php?rest_route=%2Fwp%2Fv2%2Fmedia&parent=3603"}],"wp:term":[{"taxonomy":"category","embeddable":true,"href":"https:\/\/aesbvizela.edu.gov.pt\/index.php?rest_route=%2Fwp%2Fv2%2Fcategories&post=3603"},{"taxonomy":"post_tag","embeddable":true,"href":"https:\/\/aesbvizela.edu.gov.pt\/index.php?rest_route=%2Fwp%2Fv2%2Ftags&post=3603"}],"curies":[{"name":"wp","href":"https:\/\/api.w.org\/{rel}","templated":true}]}}