{"id":3611,"date":"2026-04-28T14:13:51","date_gmt":"2026-04-28T14:13:51","guid":{"rendered":"https:\/\/aesbvizela.edu.gov.pt\/?p=3611"},"modified":"2026-04-28T14:15:07","modified_gmt":"2026-04-28T14:15:07","slug":"erasmus-fetons-da-revolution-martinica-no-aesb","status":"publish","type":"post","link":"https:\/\/aesbvizela.edu.gov.pt\/?p=3611","title":{"rendered":"Erasmus+ > F\u00eatons la R\u00e9volution >Martinica no aeSB"},"content":{"rendered":"\n<p>Um grupo de alunos e professores da Martinica chegou ao aeSB esta semana a Vizela para participar num interc\u00e2mbio Erasmus+ centrado na celebra\u00e7\u00e3o dos 52 anos da Revolu\u00e7\u00e3o dos Cravos.<\/p>\n\n\n\n<p>O projeto, que junta jovens da Martinica com alunos do aeSB tem como grande tema a democracia portuguesa &#8211; \u201cF\u00eatons la R\u00e9volution\u201d. Durante a estadia, os participantes v\u00e3o trabalhar em conjunto atividades pedag\u00f3gicas sobre o 25 de Abril de 1974, os valores de liberdade, cidadania e os 52 anos de democracia consolidada em Portugal.<\/p>\n\n\n\n<p>As sess\u00f5es incluem debates, workshops criativos e produ\u00e7\u00f5es conjuntas que permitem aos alunos da Martinica compreender o significado hist\u00f3rico da Revolu\u00e7\u00e3o dos Cravos e o seu impacto na sociedade portuguesa atual. Em contrapartida, os jovens vizelenses ter\u00e3o oportunidade de conhecer a realidade caribenha, a cultura crioula e as particularidades da democracia na Fran\u00e7a ultramarina.<\/p>\n\n\n\n<p>Al\u00e9m do trabalho sobre a democracia, o programa inclui uma componente de descoberta do territ\u00f3rio. Os participantes v\u00e3o explorar o patrim\u00f3nio vizelense, vimaranense e portuense.<\/p>\n\n\n\n<p>A estadia dos alunos da Martinica culminar\u00e1 com a apresenta\u00e7\u00e3o de trabalhos conjuntos e uma sess\u00e3o de despedida, onde ser\u00e3o partilhadas as aprendizagens e as experi\u00eancias culturais vividas.<\/p>\n\n\n\n<figure class=\"wp-block-gallery has-nested-images columns-default is-cropped wp-block-gallery-1 is-layout-flex wp-block-gallery-is-layout-flex\">\n<figure class=\"wp-block-image size-large\"><img loading=\"lazy\" decoding=\"async\" width=\"940\" height=\"788\" data-id=\"3618\" src=\"https:\/\/aesbvizela.edu.gov.pt\/wp-content\/uploads\/2026\/04\/2.png\" alt=\"\" class=\"wp-image-3618\" srcset=\"https:\/\/aesbvizela.edu.gov.pt\/wp-content\/uploads\/2026\/04\/2.png 940w, https:\/\/aesbvizela.edu.gov.pt\/wp-content\/uploads\/2026\/04\/2-300x251.png 300w, https:\/\/aesbvizela.edu.gov.pt\/wp-content\/uploads\/2026\/04\/2-768x644.png 768w\" sizes=\"auto, (max-width: 940px) 100vw, 940px\" \/><\/figure>\n\n\n\n<figure class=\"wp-block-image size-large\"><img loading=\"lazy\" decoding=\"async\" width=\"940\" height=\"788\" data-id=\"3614\" src=\"https:\/\/aesbvizela.edu.gov.pt\/wp-content\/uploads\/2026\/04\/3.png\" alt=\"\" class=\"wp-image-3614\" srcset=\"https:\/\/aesbvizela.edu.gov.pt\/wp-content\/uploads\/2026\/04\/3.png 940w, https:\/\/aesbvizela.edu.gov.pt\/wp-content\/uploads\/2026\/04\/3-300x251.png 300w, https:\/\/aesbvizela.edu.gov.pt\/wp-content\/uploads\/2026\/04\/3-768x644.png 768w\" sizes=\"auto, (max-width: 940px) 100vw, 940px\" \/><\/figure>\n\n\n\n<figure class=\"wp-block-image size-large\"><img loading=\"lazy\" decoding=\"async\" width=\"940\" height=\"788\" data-id=\"3613\" src=\"https:\/\/aesbvizela.edu.gov.pt\/wp-content\/uploads\/2026\/04\/4.png\" alt=\"\" class=\"wp-image-3613\" srcset=\"https:\/\/aesbvizela.edu.gov.pt\/wp-content\/uploads\/2026\/04\/4.png 940w, https:\/\/aesbvizela.edu.gov.pt\/wp-content\/uploads\/2026\/04\/4-300x251.png 300w, https:\/\/aesbvizela.edu.gov.pt\/wp-content\/uploads\/2026\/04\/4-768x644.png 768w\" sizes=\"auto, (max-width: 940px) 100vw, 940px\" \/><\/figure>\n\n\n\n<figure class=\"wp-block-image size-large\"><img loading=\"lazy\" decoding=\"async\" width=\"940\" height=\"788\" data-id=\"3617\" src=\"https:\/\/aesbvizela.edu.gov.pt\/wp-content\/uploads\/2026\/04\/5.png\" alt=\"\" class=\"wp-image-3617\" srcset=\"https:\/\/aesbvizela.edu.gov.pt\/wp-content\/uploads\/2026\/04\/5.png 940w, https:\/\/aesbvizela.edu.gov.pt\/wp-content\/uploads\/2026\/04\/5-300x251.png 300w, https:\/\/aesbvizela.edu.gov.pt\/wp-content\/uploads\/2026\/04\/5-768x644.png 768w\" sizes=\"auto, (max-width: 940px) 100vw, 940px\" \/><\/figure>\n\n\n\n<figure class=\"wp-block-image size-large\"><img loading=\"lazy\" decoding=\"async\" width=\"940\" height=\"788\" data-id=\"3616\" src=\"https:\/\/aesbvizela.edu.gov.pt\/wp-content\/uploads\/2026\/04\/6.png\" alt=\"\" class=\"wp-image-3616\" srcset=\"https:\/\/aesbvizela.edu.gov.pt\/wp-content\/uploads\/2026\/04\/6.png 940w, https:\/\/aesbvizela.edu.gov.pt\/wp-content\/uploads\/2026\/04\/6-300x251.png 300w, https:\/\/aesbvizela.edu.gov.pt\/wp-content\/uploads\/2026\/04\/6-768x644.png 768w\" sizes=\"auto, (max-width: 940px) 100vw, 940px\" \/><\/figure>\n\n\n\n<figure class=\"wp-block-image size-large\"><img loading=\"lazy\" decoding=\"async\" width=\"940\" height=\"788\" data-id=\"3619\" src=\"https:\/\/aesbvizela.edu.gov.pt\/wp-content\/uploads\/2026\/04\/7.png\" alt=\"\" class=\"wp-image-3619\" srcset=\"https:\/\/aesbvizela.edu.gov.pt\/wp-content\/uploads\/2026\/04\/7.png 940w, https:\/\/aesbvizela.edu.gov.pt\/wp-content\/uploads\/2026\/04\/7-300x251.png 300w, https:\/\/aesbvizela.edu.gov.pt\/wp-content\/uploads\/2026\/04\/7-768x644.png 768w\" sizes=\"auto, (max-width: 940px) 100vw, 940px\" \/><\/figure>\n\n\n\n<figure class=\"wp-block-image size-large\"><img loading=\"lazy\" decoding=\"async\" width=\"940\" height=\"788\" data-id=\"3620\" src=\"https:\/\/aesbvizela.edu.gov.pt\/wp-content\/uploads\/2026\/04\/8.png\" alt=\"\" class=\"wp-image-3620\" srcset=\"https:\/\/aesbvizela.edu.gov.pt\/wp-content\/uploads\/2026\/04\/8.png 940w, https:\/\/aesbvizela.edu.gov.pt\/wp-content\/uploads\/2026\/04\/8-300x251.png 300w, https:\/\/aesbvizela.edu.gov.pt\/wp-content\/uploads\/2026\/04\/8-768x644.png 768w\" sizes=\"auto, (max-width: 940px) 100vw, 940px\" \/><\/figure>\n\n\n\n<figure class=\"wp-block-image size-large\"><img loading=\"lazy\" decoding=\"async\" width=\"940\" height=\"788\" data-id=\"3621\" src=\"https:\/\/aesbvizela.edu.gov.pt\/wp-content\/uploads\/2026\/04\/9.png\" alt=\"\" class=\"wp-image-3621\" srcset=\"https:\/\/aesbvizela.edu.gov.pt\/wp-content\/uploads\/2026\/04\/9.png 940w, https:\/\/aesbvizela.edu.gov.pt\/wp-content\/uploads\/2026\/04\/9-300x251.png 300w, https:\/\/aesbvizela.edu.gov.pt\/wp-content\/uploads\/2026\/04\/9-768x644.png 768w\" sizes=\"auto, (max-width: 940px) 100vw, 940px\" \/><\/figure>\n\n\n\n<figure class=\"wp-block-image size-large\"><img loading=\"lazy\" decoding=\"async\" width=\"940\" height=\"788\" data-id=\"3615\" src=\"https:\/\/aesbvizela.edu.gov.pt\/wp-content\/uploads\/2026\/04\/10.png\" alt=\"\" class=\"wp-image-3615\" srcset=\"https:\/\/aesbvizela.edu.gov.pt\/wp-content\/uploads\/2026\/04\/10.png 940w, https:\/\/aesbvizela.edu.gov.pt\/wp-content\/uploads\/2026\/04\/10-300x251.png 300w, https:\/\/aesbvizela.edu.gov.pt\/wp-content\/uploads\/2026\/04\/10-768x644.png 768w\" sizes=\"auto, (max-width: 940px) 100vw, 940px\" \/><\/figure>\n<\/figure>\n","protected":false},"excerpt":{"rendered":"<p>Um grupo de alunos e professores da Martinica chegou ao aeSB esta semana a Vizela para participar num interc\u00e2mbio Erasmus+ centrado na celebra\u00e7\u00e3o dos 52 anos da Revolu\u00e7\u00e3o dos Cravos. O projeto, que junta jovens da Martinica com alunos do aeSB tem como grande tema a democracia portuguesa &#8211; \u201cF\u00eatons la R\u00e9volution\u201d. Durante a estadia,&#8230;<\/p>\n","protected":false},"author":1,"featured_media":3612,"comment_status":"closed","ping_status":"open","sticky":false,"template":"","format":"standard","meta":{"footnotes":""},"categories":[13,9,16,17,14,63,20],"tags":[25,64,644,645,57],"class_list":["post-3611","post","type-post","status-publish","format-standard","has-post-thumbnail","hentry","category-3-o-ciclo","category-alunos","category-comunidade-educativa","category-docentes","category-ens-secundario","category-erasmus","category-noticia-evento","tag-camara-municipal-de-vizela","tag-erasmus","tag-escola-de-acolhimento","tag-martinica","tag-projetos"],"_links":{"self":[{"href":"https:\/\/aesbvizela.edu.gov.pt\/index.php?rest_route=\/wp\/v2\/posts\/3611","targetHints":{"allow":["GET"]}}],"collection":[{"href":"https:\/\/aesbvizela.edu.gov.pt\/index.php?rest_route=\/wp\/v2\/posts"}],"about":[{"href":"https:\/\/aesbvizela.edu.gov.pt\/index.php?rest_route=\/wp\/v2\/types\/post"}],"author":[{"embeddable":true,"href":"https:\/\/aesbvizela.edu.gov.pt\/index.php?rest_route=\/wp\/v2\/users\/1"}],"replies":[{"embeddable":true,"href":"https:\/\/aesbvizela.edu.gov.pt\/index.php?rest_route=%2Fwp%2Fv2%2Fcomments&post=3611"}],"version-history":[{"count":3,"href":"https:\/\/aesbvizela.edu.gov.pt\/index.php?rest_route=\/wp\/v2\/posts\/3611\/revisions"}],"predecessor-version":[{"id":3624,"href":"https:\/\/aesbvizela.edu.gov.pt\/index.php?rest_route=\/wp\/v2\/posts\/3611\/revisions\/3624"}],"wp:featuredmedia":[{"embeddable":true,"href":"https:\/\/aesbvizela.edu.gov.pt\/index.php?rest_route=\/wp\/v2\/media\/3612"}],"wp:attachment":[{"href":"https:\/\/aesbvizela.edu.gov.pt\/index.php?rest_route=%2Fwp%2Fv2%2Fmedia&parent=3611"}],"wp:term":[{"taxonomy":"category","embeddable":true,"href":"https:\/\/aesbvizela.edu.gov.pt\/index.php?rest_route=%2Fwp%2Fv2%2Fcategories&post=3611"},{"taxonomy":"post_tag","embeddable":true,"href":"https:\/\/aesbvizela.edu.gov.pt\/index.php?rest_route=%2Fwp%2Fv2%2Ftags&post=3611"}],"curies":[{"name":"wp","href":"https:\/\/api.w.org\/{rel}","templated":true}]}}