{"id":4255,"date":"2026-09-04T11:00:57","date_gmt":"2026-09-04T11:00:57","guid":{"rendered":"https:\/\/aesbvizela.edu.gov.pt\/?p=4255"},"modified":"2026-09-04T11:00:57","modified_gmt":"2026-09-04T11:00:57","slug":"rececao-aos-docentes-e-assistentes-tecnicos-e-operacionais-marcou-o-arranque-do-ano-letivo-2026-2027","status":"publish","type":"post","link":"https:\/\/aesbvizela.edu.gov.pt\/?p=4255","title":{"rendered":"Rece\u00e7\u00e3o aos docentes e assistentes t\u00e9cnicos e operacionais marcou o arranque do ano letivo 2026\/2027"},"content":{"rendered":"\n<p class=\"wp-block-paragraph\">O Agrupamento de Escolas S. Bento, Vizela abriu oficialmente o ano letivo 2026\/2027 com uma sess\u00e3o de rece\u00e7\u00e3o aos docentes, assistentes t\u00e9cnicos e assistentes operacionais, num momento de encontro, reencontro e renova\u00e7\u00e3o do compromisso com a miss\u00e3o educativa.<\/p>\n\n\n\n<p class=\"wp-block-paragraph\">Na sua interven\u00e7\u00e3o, o Diretor come\u00e7ou por dar as boas-vindas aos novos profissionais que passam a integrar o Agrupamento, aos que regressam e a todos aqueles que, com dedica\u00e7\u00e3o e compromisso, continuam a construir diariamente esta comunidade educativa.<\/p>\n\n\n\n<p class=\"wp-block-paragraph\">Uma palavra especial foi dirigida \u00e0 Vereadora da Educa\u00e7\u00e3o da C\u00e2mara Municipal de Vizela, Prof.\u00aa Agostinha Freitas, cuja presen\u00e7a, proximidade e colabora\u00e7\u00e3o foram reconhecidas como fundamentais para o trabalho desenvolvido pelo Agrupamento.<\/p>\n\n\n\n<p class=\"wp-block-paragraph\">O Diretor destacou ainda a equipa que o acompanha na dire\u00e7\u00e3o, salientando a import\u00e2ncia da amizade, da confian\u00e7a e da complementaridade. \u201c\u00c9 atrav\u00e9s das nossas diferen\u00e7as que conseguimos voar nesta aventura\u201d, afirmou, sublinhando que os desafios da escola, apesar de exigentes, constituem tamb\u00e9m uma oportunidade \u00fanica de transformar vidas.<\/p>\n\n\n\n<p class=\"wp-block-paragraph\">A mensagem dirigida aos profissionais centrou-se, sobretudo, nos alunos e na responsabilidade de todos na constru\u00e7\u00e3o do seu futuro.<\/p>\n\n\n\n<p class=\"wp-block-paragraph\">Recorrendo a uma reflex\u00e3o de Augusto Cury sobre os desafios que atualmente se colocam aos professores, o Diretor lembrou que, apesar das dificuldades, as crian\u00e7as e jovens que chegam \u00e0s salas de aula trazem consigo sonhos, d\u00favidas, medos e um enorme potencial.<\/p>\n\n\n\n<p class=\"wp-block-paragraph\">Neste contexto, cada gesto pode fazer a diferen\u00e7a. Um olhar de incentivo, uma palavra de apoio, a paci\u00eancia ou a capacidade de escutar podem tornar-se refer\u00eancias fundamentais no percurso de uma crian\u00e7a ou de um jovem.<\/p>\n\n\n\n<p class=\"wp-block-paragraph\">\u201cNunca caminhamos sozinhos\u201d&nbsp;foi uma das ideias centrais da interven\u00e7\u00e3o. O sucesso do Agrupamento, salientou o Diretor, constr\u00f3i-se no plural: atrav\u00e9s da colabora\u00e7\u00e3o, da partilha, da entreajuda e da capacidade de transformar dificuldades em oportunidades.<\/p>\n\n\n\n<p class=\"wp-block-paragraph\">Todos fazem parte da mesma equipa. Tamb\u00e9m os pais e encarregados de educa\u00e7\u00e3o foram lembrados e agradecidos pela confian\u00e7a depositada no Agrupamento. Cada fam\u00edlia que escolhe uma das escolas do Agrupamento est\u00e1, simultaneamente, a acreditar no trabalho dos seus profissionais.<\/p>\n\n\n\n<p class=\"wp-block-paragraph\">Os assistentes t\u00e9cnicos e operacionais mereceram igualmente uma palavra de reconhecimento pelo papel indispens\u00e1vel que desempenham no quotidiano das escolas, contribuindo para garantir o seu funcionamento, seguran\u00e7a, organiza\u00e7\u00e3o e bem-estar.<\/p>\n\n\n\n<p class=\"wp-block-paragraph\">A ideia refor\u00e7ada foi inequ\u00edvoca:&nbsp;<strong>uma educa\u00e7\u00e3o de qualidade s\u00f3 \u00e9 poss\u00edvel com a colabora\u00e7\u00e3o efetiva de todos.<\/strong><\/p>\n\n\n\n<p class=\"wp-block-paragraph\">Para 2026\/2027,\u00a0<strong>Inovar sem perder a dimens\u00e3o humana \u00e9 uma aposta. <\/strong>Deste ponto de vista\u00a0o Agrupamento continuar\u00e1 a empenhar-se no trabalho colaborativo e na inova\u00e7\u00e3o pedag\u00f3gica, encarando tamb\u00e9m a intelig\u00eancia artificial como uma oportunidade e um desafio.<\/p>\n\n\n\n<p class=\"wp-block-paragraph\">A sa\u00fade e o bem-estar, a diversidade e a inclus\u00e3o permanecer\u00e3o entre as prioridades, a par da comunica\u00e7\u00e3o, entendida como um dos pilares de uma comunidade educativa coesa e capaz de prevenir e resolver conflitos.<\/p>\n\n\n\n<p class=\"wp-block-paragraph\">Mas, acima de tudo, o Diretor deixou um desafio:&nbsp;<strong>conhecer verdadeiramente cada aluno e permitir que cada aluno conhe\u00e7a tamb\u00e9m quem o acompanha.<\/strong><\/p>\n\n\n\n<p class=\"wp-block-paragraph\">\u00c9 nessa rela\u00e7\u00e3o de proximidade que se constroem confian\u00e7a, seguran\u00e7a e empatia. Uma rela\u00e7\u00e3o humana que nenhuma tecnologia poder\u00e1 substituir.<\/p>\n\n\n\n<p class=\"wp-block-paragraph\">O novo ano letivo ser\u00e1 tamb\u00e9m marcado por novas exig\u00eancias ao n\u00edvel da qualidade dos dados e do rigor dos registos da atividade letiva. O Diretor reconheceu que a adapta\u00e7\u00e3o poder\u00e1 trazer algumas dificuldades iniciais, mas manifestou a convic\u00e7\u00e3o de que, ultrapassada essa fase, os novos procedimentos contribuir\u00e3o para simplificar e desburocratizar o trabalho di\u00e1rio.<\/p>\n\n\n\n<p class=\"wp-block-paragraph\">A terminar, ficou uma mensagem de confian\u00e7a e de compromisso com a miss\u00e3o da escola:<\/p>\n\n\n\n<p class=\"wp-block-paragraph\"><strong>\u201cIniciar um ano letivo \u00e9 renovar a nossa miss\u00e3o mais nobre: inspirar mentes e moldar o amanh\u00e3.\u201d<\/strong><\/p>\n\n\n\n<p class=\"wp-block-paragraph\">\u00c9 com este esp\u00edrito que o Agrupamento de Escolas S. Bento inicia mais um ano de desafios, aprendizagens e conquistas!<\/p>\n\n\n\n<p class=\"wp-block-paragraph\"><strong>\u201cCom aud\u00e1cia, voamos \u00e0 conquista dos sonhos!\u201d<\/strong><\/p>\n\n\n\n<figure class=\"wp-block-gallery has-nested-images columns-default is-cropped wp-block-gallery-1 is-layout-flex wp-block-gallery-is-layout-flex\">\n<figure class=\"wp-block-image size-large\"><img loading=\"lazy\" decoding=\"async\" width=\"1024\" height=\"576\" data-id=\"4259\" src=\"https:\/\/aesbvizela.edu.gov.pt\/wp-content\/uploads\/2026\/09\/IMG_2862-1024x576.jpeg\" alt=\"\" class=\"wp-image-4259\" srcset=\"https:\/\/aesbvizela.edu.gov.pt\/wp-content\/uploads\/2026\/09\/IMG_2862-1024x576.jpeg 1024w, https:\/\/aesbvizela.edu.gov.pt\/wp-content\/uploads\/2026\/09\/IMG_2862-300x168.jpeg 300w, https:\/\/aesbvizela.edu.gov.pt\/wp-content\/uploads\/2026\/09\/IMG_2862-768x432.jpeg 768w, https:\/\/aesbvizela.edu.gov.pt\/wp-content\/uploads\/2026\/09\/IMG_2862-1536x864.jpeg 1536w, https:\/\/aesbvizela.edu.gov.pt\/wp-content\/uploads\/2026\/09\/IMG_2862-2048x1152.jpeg 2048w\" sizes=\"auto, (max-width: 1024px) 100vw, 1024px\" \/><\/figure>\n\n\n\n<figure class=\"wp-block-image size-large\"><img loading=\"lazy\" decoding=\"async\" width=\"576\" height=\"1024\" data-id=\"4258\" src=\"https:\/\/aesbvizela.edu.gov.pt\/wp-content\/uploads\/2026\/09\/IMG_2868-576x1024.jpeg\" alt=\"\" class=\"wp-image-4258\" srcset=\"https:\/\/aesbvizela.edu.gov.pt\/wp-content\/uploads\/2026\/09\/IMG_2868-576x1024.jpeg 576w, https:\/\/aesbvizela.edu.gov.pt\/wp-content\/uploads\/2026\/09\/IMG_2868-168x300.jpeg 168w, https:\/\/aesbvizela.edu.gov.pt\/wp-content\/uploads\/2026\/09\/IMG_2868-768x1365.jpeg 768w, https:\/\/aesbvizela.edu.gov.pt\/wp-content\/uploads\/2026\/09\/IMG_2868-864x1536.jpeg 864w, https:\/\/aesbvizela.edu.gov.pt\/wp-content\/uploads\/2026\/09\/IMG_2868-1152x2048.jpeg 1152w\" sizes=\"auto, (max-width: 576px) 100vw, 576px\" \/><\/figure>\n<\/figure>\n\n\n\n<figure class=\"wp-block-image size-full\"><img loading=\"lazy\" decoding=\"async\" width=\"2560\" height=\"1440\" src=\"https:\/\/aesbvizela.edu.gov.pt\/wp-content\/uploads\/2026\/09\/IMG_2860-scaled.jpeg\" alt=\"\" class=\"wp-image-4257\" srcset=\"https:\/\/aesbvizela.edu.gov.pt\/wp-content\/uploads\/2026\/09\/IMG_2860-scaled.jpeg 2560w, https:\/\/aesbvizela.edu.gov.pt\/wp-content\/uploads\/2026\/09\/IMG_2860-300x169.jpeg 300w, https:\/\/aesbvizela.edu.gov.pt\/wp-content\/uploads\/2026\/09\/IMG_2860-768x432.jpeg 768w, https:\/\/aesbvizela.edu.gov.pt\/wp-content\/uploads\/2026\/09\/IMG_2860-2048x1152.jpeg 2048w\" sizes=\"auto, (max-width: 2560px) 100vw, 2560px\" \/><\/figure>\n","protected":false},"excerpt":{"rendered":"<p>O Agrupamento de Escolas S. Bento, Vizela abriu oficialmente o ano letivo 2026\/2027 com uma sess\u00e3o de rece\u00e7\u00e3o aos docentes, assistentes t\u00e9cnicos e assistentes operacionais, num momento de encontro, reencontro e renova\u00e7\u00e3o do compromisso com a miss\u00e3o educativa. Na sua interven\u00e7\u00e3o, o Diretor come\u00e7ou por dar as boas-vindas aos novos profissionais que passam a integrar&#8230;<\/p>\n","protected":false},"author":1,"featured_media":4256,"comment_status":"closed","ping_status":"open","sticky":false,"template":"","format":"standard","meta":{"footnotes":""},"categories":[16,17,18,20],"tags":[72],"class_list":["post-4255","post","type-post","status-publish","format-standard","has-post-thumbnail","hentry","category-comunidade-educativa","category-docentes","category-nao-docentes","category-noticia-evento","tag-acolhimento"],"_links":{"self":[{"href":"https:\/\/aesbvizela.edu.gov.pt\/index.php?rest_route=\/wp\/v2\/posts\/4255","targetHints":{"allow":["GET"]}}],"collection":[{"href":"https:\/\/aesbvizela.edu.gov.pt\/index.php?rest_route=\/wp\/v2\/posts"}],"about":[{"href":"https:\/\/aesbvizela.edu.gov.pt\/index.php?rest_route=\/wp\/v2\/types\/post"}],"author":[{"embeddable":true,"href":"https:\/\/aesbvizela.edu.gov.pt\/index.php?rest_route=\/wp\/v2\/users\/1"}],"replies":[{"embeddable":true,"href":"https:\/\/aesbvizela.edu.gov.pt\/index.php?rest_route=%2Fwp%2Fv2%2Fcomments&post=4255"}],"version-history":[{"count":1,"href":"https:\/\/aesbvizela.edu.gov.pt\/index.php?rest_route=\/wp\/v2\/posts\/4255\/revisions"}],"predecessor-version":[{"id":4261,"href":"https:\/\/aesbvizela.edu.gov.pt\/index.php?rest_route=\/wp\/v2\/posts\/4255\/revisions\/4261"}],"wp:featuredmedia":[{"embeddable":true,"href":"https:\/\/aesbvizela.edu.gov.pt\/index.php?rest_route=\/wp\/v2\/media\/4256"}],"wp:attachment":[{"href":"https:\/\/aesbvizela.edu.gov.pt\/index.php?rest_route=%2Fwp%2Fv2%2Fmedia&parent=4255"}],"wp:term":[{"taxonomy":"category","embeddable":true,"href":"https:\/\/aesbvizela.edu.gov.pt\/index.php?rest_route=%2Fwp%2Fv2%2Fcategories&post=4255"},{"taxonomy":"post_tag","embeddable":true,"href":"https:\/\/aesbvizela.edu.gov.pt\/index.php?rest_route=%2Fwp%2Fv2%2Ftags&post=4255"}],"curies":[{"name":"wp","href":"https:\/\/api.w.org\/{rel}","templated":true}]}}